{"id":1060,"date":"2025-05-13T09:59:08","date_gmt":"2025-05-13T09:59:08","guid":{"rendered":"https:\/\/rcradovanek.cz\/?p=1060"},"modified":"2026-02-02T19:06:13","modified_gmt":"2026-02-02T19:06:13","slug":"vytvarnici-na-lichnici-2","status":"publish","type":"post","link":"https:\/\/rcradovanek.cz\/?p=1060","title":{"rendered":"V\u00fdtvarn\u00edci na Lichnici"},"content":{"rendered":"\n<p>S\u00a0krou\u017ekem Tvo\u0159\u00edme spolu zveme na spole\u010dn\u00fd v\u00fdlet na Lichnici. Tentokr\u00e1t vezeme na hrad pro pan\u00ed kastel\u00e1nku Ivu Matykovou a pot\u011bchu n\u00e1v\u0161t\u011bvn\u00edk\u016f sovi\u010dky. Ka\u017ed\u00e1 sovi\u010dka bude ocen\u011bna sladkou odm\u011bnou. Doprava vlastn\u00ed. Sraz v\u00a015:30 na Lichnici u hradn\u00ed br\u00e1ny.<\/p>\n\n\n\n<figure class=\"wp-block-image size-large\"><img loading=\"lazy\" decoding=\"async\" width=\"724\" height=\"1024\" src=\"https:\/\/rcradovanek.cz\/wp-content\/uploads\/2025\/05\/Vytvarnici-na-Lichnici-62025-724x1024.png\" alt=\"\" class=\"wp-image-1061\" srcset=\"https:\/\/rcradovanek.cz\/wp-content\/uploads\/2025\/05\/Vytvarnici-na-Lichnici-62025-724x1024.png 724w, https:\/\/rcradovanek.cz\/wp-content\/uploads\/2025\/05\/Vytvarnici-na-Lichnici-62025-212x300.png 212w, https:\/\/rcradovanek.cz\/wp-content\/uploads\/2025\/05\/Vytvarnici-na-Lichnici-62025-768x1086.png 768w, https:\/\/rcradovanek.cz\/wp-content\/uploads\/2025\/05\/Vytvarnici-na-Lichnici-62025-1086x1536.png 1086w, https:\/\/rcradovanek.cz\/wp-content\/uploads\/2025\/05\/Vytvarnici-na-Lichnici-62025-42x60.png 42w, https:\/\/rcradovanek.cz\/wp-content\/uploads\/2025\/05\/Vytvarnici-na-Lichnici-62025.png 1414w\" sizes=\"auto, (max-width: 724px) 100vw, 724px\" \/><\/figure>\n","protected":false},"excerpt":{"rendered":"<p>S\u00a0krou\u017ekem Tvo\u0159\u00edme spolu zveme na spole\u010dn\u00fd v\u00fdlet na Lichnici. Tentokr\u00e1t vezeme na hrad pro pan\u00ed kastel\u00e1nku Ivu Matykovou a pot\u011bchu n\u00e1v\u0161t\u011bvn\u00edk\u016f sovi\u010dky. Ka\u017ed\u00e1 sovi\u010dka bude ocen\u011bna sladkou odm\u011bnou. Doprava vlastn\u00ed. Sraz v\u00a015:30 na Lichnici u hradn\u00ed br\u00e1ny.<\/p>\n","protected":false},"author":1,"featured_media":1062,"comment_status":"closed","ping_status":"open","sticky":false,"template":"","format":"standard","meta":{"footnotes":""},"categories":[7],"tags":[],"class_list":["post-1060","post","type-post","status-publish","format-standard","has-post-thumbnail","hentry","category-akce","latest_post"],"_links":{"self":[{"href":"https:\/\/rcradovanek.cz\/index.php?rest_route=\/wp\/v2\/posts\/1060","targetHints":{"allow":["GET"]}}],"collection":[{"href":"https:\/\/rcradovanek.cz\/index.php?rest_route=\/wp\/v2\/posts"}],"about":[{"href":"https:\/\/rcradovanek.cz\/index.php?rest_route=\/wp\/v2\/types\/post"}],"author":[{"embeddable":true,"href":"https:\/\/rcradovanek.cz\/index.php?rest_route=\/wp\/v2\/users\/1"}],"replies":[{"embeddable":true,"href":"https:\/\/rcradovanek.cz\/index.php?rest_route=%2Fwp%2Fv2%2Fcomments&post=1060"}],"version-history":[{"count":1,"href":"https:\/\/rcradovanek.cz\/index.php?rest_route=\/wp\/v2\/posts\/1060\/revisions"}],"predecessor-version":[{"id":1063,"href":"https:\/\/rcradovanek.cz\/index.php?rest_route=\/wp\/v2\/posts\/1060\/revisions\/1063"}],"wp:featuredmedia":[{"embeddable":true,"href":"https:\/\/rcradovanek.cz\/index.php?rest_route=\/wp\/v2\/media\/1062"}],"wp:attachment":[{"href":"https:\/\/rcradovanek.cz\/index.php?rest_route=%2Fwp%2Fv2%2Fmedia&parent=1060"}],"wp:term":[{"taxonomy":"category","embeddable":true,"href":"https:\/\/rcradovanek.cz\/index.php?rest_route=%2Fwp%2Fv2%2Fcategories&post=1060"},{"taxonomy":"post_tag","embeddable":true,"href":"https:\/\/rcradovanek.cz\/index.php?rest_route=%2Fwp%2Fv2%2Ftags&post=1060"}],"curies":[{"name":"wp","href":"https:\/\/api.w.org\/{rel}","templated":true}]}}