{"id":1079,"date":"2025-06-23T11:50:36","date_gmt":"2025-06-23T11:50:36","guid":{"rendered":"https:\/\/rcradovanek.cz\/?p=1079"},"modified":"2026-02-02T19:05:37","modified_gmt":"2026-02-02T19:05:37","slug":"prochazka-prirodou-pro-zeny","status":"publish","type":"post","link":"https:\/\/rcradovanek.cz\/?p=1079","title":{"rendered":"Proch\u00e1zka p\u0159\u00edrodou pro \u017eeny"},"content":{"rendered":"\n<p>Chce\u0161 vyj\u00edt z\u00a0ka\u017edodenn\u00ed rutiny, popov\u00eddat si i s\u00a0n\u011bk\u00fdm, koho denn\u011b nev\u00edd\u00e1\u0161, nebo se prost\u011b jen nechat inspirovat p\u0159\u00edb\u011bhy dal\u0161\u00edch \u017een? Tak poj\u010f s\u00a0n\u00e1mi na p<strong>odve\u010dern\u00ed proch\u00e1zku p\u0159\u00edrodou pro \u017eeny.<\/strong> Jde o odpo\u010dinek v\u00a0p\u0159\u00edrod\u011b &#8211; jemn\u00e9 zastaven\u00ed, kter\u00e9 pohlad\u00ed t\u011blo i du\u0161i. \u010cek\u00e1 v\u00e1s nalad\u011bn\u00ed na sebe samu, sd\u00edlen\u00ed, ml\u010den\u00ed, pohyb i klid \u2013 zkr\u00e1tka prostor jen pro v\u00e1s. Sejdeme se na\u00a0Konop\u00e1\u010di p\u0159ed kempem a projdeme se okoln\u00ed p\u0159\u00edrodou. Vstupn\u00e9 100K\u010d. Rezervujte si sv\u00e9 m\u00edsto na <a href=\"mailto:rcradovanek@centrum.cz\">rcradovanek@centrum.cz<\/a>.<\/p>\n\n\n\n<figure class=\"wp-block-image size-large\"><img loading=\"lazy\" decoding=\"async\" width=\"724\" height=\"1024\" src=\"https:\/\/rcradovanek.cz\/wp-content\/uploads\/2025\/06\/Prochazka-prirodou-pro-zeny-72025-724x1024.png\" alt=\"\" class=\"wp-image-1080\" srcset=\"https:\/\/rcradovanek.cz\/wp-content\/uploads\/2025\/06\/Prochazka-prirodou-pro-zeny-72025-724x1024.png 724w, https:\/\/rcradovanek.cz\/wp-content\/uploads\/2025\/06\/Prochazka-prirodou-pro-zeny-72025-212x300.png 212w, https:\/\/rcradovanek.cz\/wp-content\/uploads\/2025\/06\/Prochazka-prirodou-pro-zeny-72025-768x1086.png 768w, https:\/\/rcradovanek.cz\/wp-content\/uploads\/2025\/06\/Prochazka-prirodou-pro-zeny-72025-1086x1536.png 1086w, https:\/\/rcradovanek.cz\/wp-content\/uploads\/2025\/06\/Prochazka-prirodou-pro-zeny-72025-42x60.png 42w, https:\/\/rcradovanek.cz\/wp-content\/uploads\/2025\/06\/Prochazka-prirodou-pro-zeny-72025.png 1414w\" sizes=\"auto, (max-width: 724px) 100vw, 724px\" \/><\/figure>\n","protected":false},"excerpt":{"rendered":"<p>Chce\u0161 vyj\u00edt z\u00a0ka\u017edodenn\u00ed rutiny, popov\u00eddat si i s\u00a0n\u011bk\u00fdm, koho denn\u011b nev\u00edd\u00e1\u0161, nebo se prost\u011b jen nechat inspirovat p\u0159\u00edb\u011bhy dal\u0161\u00edch \u017een? Tak poj\u010f s\u00a0n\u00e1mi na podve\u010dern\u00ed proch\u00e1zku p\u0159\u00edrodou pro \u017eeny. Jde o odpo\u010dinek v\u00a0p\u0159\u00edrod\u011b &#8211; jemn\u00e9 zastaven\u00ed, kter\u00e9 pohlad\u00ed t\u011blo i du\u0161i. \u010cek\u00e1 v\u00e1s nalad\u011bn\u00ed na sebe samu, sd\u00edlen\u00ed, ml\u010den\u00ed, pohyb i klid \u2013 zkr\u00e1tka prostor &hellip; <\/p>\n","protected":false},"author":1,"featured_media":1081,"comment_status":"closed","ping_status":"open","sticky":false,"template":"","format":"standard","meta":{"footnotes":""},"categories":[7],"tags":[],"class_list":["post-1079","post","type-post","status-publish","format-standard","has-post-thumbnail","hentry","category-akce","latest_post"],"_links":{"self":[{"href":"https:\/\/rcradovanek.cz\/index.php?rest_route=\/wp\/v2\/posts\/1079","targetHints":{"allow":["GET"]}}],"collection":[{"href":"https:\/\/rcradovanek.cz\/index.php?rest_route=\/wp\/v2\/posts"}],"about":[{"href":"https:\/\/rcradovanek.cz\/index.php?rest_route=\/wp\/v2\/types\/post"}],"author":[{"embeddable":true,"href":"https:\/\/rcradovanek.cz\/index.php?rest_route=\/wp\/v2\/users\/1"}],"replies":[{"embeddable":true,"href":"https:\/\/rcradovanek.cz\/index.php?rest_route=%2Fwp%2Fv2%2Fcomments&post=1079"}],"version-history":[{"count":2,"href":"https:\/\/rcradovanek.cz\/index.php?rest_route=\/wp\/v2\/posts\/1079\/revisions"}],"predecessor-version":[{"id":1084,"href":"https:\/\/rcradovanek.cz\/index.php?rest_route=\/wp\/v2\/posts\/1079\/revisions\/1084"}],"wp:featuredmedia":[{"embeddable":true,"href":"https:\/\/rcradovanek.cz\/index.php?rest_route=\/wp\/v2\/media\/1081"}],"wp:attachment":[{"href":"https:\/\/rcradovanek.cz\/index.php?rest_route=%2Fwp%2Fv2%2Fmedia&parent=1079"}],"wp:term":[{"taxonomy":"category","embeddable":true,"href":"https:\/\/rcradovanek.cz\/index.php?rest_route=%2Fwp%2Fv2%2Fcategories&post=1079"},{"taxonomy":"post_tag","embeddable":true,"href":"https:\/\/rcradovanek.cz\/index.php?rest_route=%2Fwp%2Fv2%2Ftags&post=1079"}],"curies":[{"name":"wp","href":"https:\/\/api.w.org\/{rel}","templated":true}]}}