{"id":1281,"date":"2025-11-26T06:52:59","date_gmt":"2025-11-26T06:52:59","guid":{"rendered":"https:\/\/rcradovanek.cz\/?p=1281"},"modified":"2026-02-02T19:04:39","modified_gmt":"2026-02-02T19:04:39","slug":"mikulasska-stezka-2","status":"publish","type":"post","link":"https:\/\/rcradovanek.cz\/?p=1281","title":{"rendered":"Mikul\u00e1\u0161sk\u00e1 stezka"},"content":{"rendered":"\n<p>T. J. Sokol a Rodi\u010dovsk\u00e9 centrum Radov\u00e1nek z. s. srde\u010dn\u011b zvou nejen rodiny s d\u011btmi na tradi\u010dn\u00ed tematickou stezku. Sraz u vstupu do parku vedle Koloni\u00e1lu Holub. <strong>Dobrovoln\u00fdm vstupn\u00fdm p\u0159isp\u00edv\u00e1te na dal\u0161\u00ed ro\u010dn\u00edky t\u00e9to i dal\u0161\u00edch akc\u00ed pro ve\u0159ejnost.<\/strong><\/p>\n\n\n\n<figure class=\"wp-block-image size-large\"><img loading=\"lazy\" decoding=\"async\" width=\"724\" height=\"1024\" src=\"https:\/\/rcradovanek.cz\/wp-content\/uploads\/2025\/11\/Mikulasska-stezka-122025-724x1024.png\" alt=\"\" class=\"wp-image-1282\" srcset=\"https:\/\/rcradovanek.cz\/wp-content\/uploads\/2025\/11\/Mikulasska-stezka-122025-724x1024.png 724w, https:\/\/rcradovanek.cz\/wp-content\/uploads\/2025\/11\/Mikulasska-stezka-122025-212x300.png 212w, https:\/\/rcradovanek.cz\/wp-content\/uploads\/2025\/11\/Mikulasska-stezka-122025-768x1086.png 768w, https:\/\/rcradovanek.cz\/wp-content\/uploads\/2025\/11\/Mikulasska-stezka-122025-1086x1536.png 1086w, https:\/\/rcradovanek.cz\/wp-content\/uploads\/2025\/11\/Mikulasska-stezka-122025-42x60.png 42w, https:\/\/rcradovanek.cz\/wp-content\/uploads\/2025\/11\/Mikulasska-stezka-122025.png 1414w\" sizes=\"auto, (max-width: 724px) 100vw, 724px\" \/><\/figure>\n","protected":false},"excerpt":{"rendered":"<p>T. J. Sokol a Rodi\u010dovsk\u00e9 centrum Radov\u00e1nek z. s. srde\u010dn\u011b zvou nejen rodiny s d\u011btmi na tradi\u010dn\u00ed tematickou stezku. Sraz u vstupu do parku vedle Koloni\u00e1lu Holub. Dobrovoln\u00fdm vstupn\u00fdm p\u0159isp\u00edv\u00e1te na dal\u0161\u00ed ro\u010dn\u00edky t\u00e9to i dal\u0161\u00edch akc\u00ed pro ve\u0159ejnost.<\/p>\n","protected":false},"author":1,"featured_media":895,"comment_status":"closed","ping_status":"open","sticky":false,"template":"","format":"standard","meta":{"footnotes":""},"categories":[7],"tags":[],"class_list":["post-1281","post","type-post","status-publish","format-standard","has-post-thumbnail","hentry","category-akce","latest_post"],"_links":{"self":[{"href":"https:\/\/rcradovanek.cz\/index.php?rest_route=\/wp\/v2\/posts\/1281","targetHints":{"allow":["GET"]}}],"collection":[{"href":"https:\/\/rcradovanek.cz\/index.php?rest_route=\/wp\/v2\/posts"}],"about":[{"href":"https:\/\/rcradovanek.cz\/index.php?rest_route=\/wp\/v2\/types\/post"}],"author":[{"embeddable":true,"href":"https:\/\/rcradovanek.cz\/index.php?rest_route=\/wp\/v2\/users\/1"}],"replies":[{"embeddable":true,"href":"https:\/\/rcradovanek.cz\/index.php?rest_route=%2Fwp%2Fv2%2Fcomments&post=1281"}],"version-history":[{"count":1,"href":"https:\/\/rcradovanek.cz\/index.php?rest_route=\/wp\/v2\/posts\/1281\/revisions"}],"predecessor-version":[{"id":1283,"href":"https:\/\/rcradovanek.cz\/index.php?rest_route=\/wp\/v2\/posts\/1281\/revisions\/1283"}],"wp:featuredmedia":[{"embeddable":true,"href":"https:\/\/rcradovanek.cz\/index.php?rest_route=\/wp\/v2\/media\/895"}],"wp:attachment":[{"href":"https:\/\/rcradovanek.cz\/index.php?rest_route=%2Fwp%2Fv2%2Fmedia&parent=1281"}],"wp:term":[{"taxonomy":"category","embeddable":true,"href":"https:\/\/rcradovanek.cz\/index.php?rest_route=%2Fwp%2Fv2%2Fcategories&post=1281"},{"taxonomy":"post_tag","embeddable":true,"href":"https:\/\/rcradovanek.cz\/index.php?rest_route=%2Fwp%2Fv2%2Ftags&post=1281"}],"curies":[{"name":"wp","href":"https:\/\/api.w.org\/{rel}","templated":true}]}}